{"id":342,"date":"2013-06-02T20:44:14","date_gmt":"2013-06-02T18:44:14","guid":{"rendered":"http:\/\/www.gruene-bad-emstal.de\/?p=342"},"modified":"2013-06-03T12:38:18","modified_gmt":"2013-06-03T10:38:18","slug":"2-offentliche-fraktionssitzung-gemeindefinanzen","status":"publish","type":"post","link":"http:\/\/www.gruene-bad-emstal.de\/?p=342","title":{"rendered":"2. \u00d6ffentliche Fraktionssitzung &#8211; Gemeindefinanzen"},"content":{"rendered":"<p>Stichtag 14. Mai 2013 \u2013 Seit 500 Tage steht Bad Emstal bereits ohne genehmigungsf\u00e4higen Haushalt da. Aus diesem Grund laden die Bad Emstaler Gr\u00fcnen zu Ihrer zweiten \u00f6ffentlichen Fraktionssitzung am 7. Juni 2013 ein.<\/p>\n<p>Im Mittelpunkt des Abends stehen die Bad Emstaler Finanzen und die Frage wie es weitergehen kann.<\/p>\n<p>Fragen, die tats\u00e4chlich jeden Bad Emstaler und jede Bad Emstalerin direkt betreffen und sei es \u201enur\u201c \u00fcber eine &#8211; sehr wahrscheinliche &#8211; deutliche Grundsteuer-Erh\u00f6hung.<\/p>\n<p>Freitag, den 7.6.2013<\/p>\n<p>um 20 Uhr<\/p>\n<p>im Nebenraum des Quellenhofs neben dem Kursaal, OT Sand.<\/p>\n<p>&nbsp;<\/p>\n","protected":false},"excerpt":{"rendered":"<p>Stichtag 14. Mai 2013 \u2013 Seit 500 Tage steht Bad Emstal bereits ohne genehmigungsf\u00e4higen Haushalt da. Aus diesem Grund laden die Bad Emstaler Gr\u00fcnen zu Ihrer zweiten \u00f6ffentlichen Fraktionssitzung am 7. Juni 2013 ein. Im Mittelpunkt des Abends stehen die Bad Emstaler Finanzen und die Frage wie es weitergehen kann. Fragen, die tats\u00e4chlich jeden Bad [&hellip;] <a class=\"more-link\" href=\"http:\/\/www.gruene-bad-emstal.de\/?p=342\">&darr; Read the rest of this entry&#8230;<\/a><\/p>\n","protected":false},"author":4,"featured_media":0,"comment_status":"open","ping_status":"open","sticky":false,"template":"","format":"standard","meta":[],"categories":[1,4],"tags":[],"_links":{"self":[{"href":"http:\/\/www.gruene-bad-emstal.de\/index.php?rest_route=\/wp\/v2\/posts\/342"}],"collection":[{"href":"http:\/\/www.gruene-bad-emstal.de\/index.php?rest_route=\/wp\/v2\/posts"}],"about":[{"href":"http:\/\/www.gruene-bad-emstal.de\/index.php?rest_route=\/wp\/v2\/types\/post"}],"author":[{"embeddable":true,"href":"http:\/\/www.gruene-bad-emstal.de\/index.php?rest_route=\/wp\/v2\/users\/4"}],"replies":[{"embeddable":true,"href":"http:\/\/www.gruene-bad-emstal.de\/index.php?rest_route=%2Fwp%2Fv2%2Fcomments&post=342"}],"version-history":[{"count":6,"href":"http:\/\/www.gruene-bad-emstal.de\/index.php?rest_route=\/wp\/v2\/posts\/342\/revisions"}],"predecessor-version":[{"id":347,"href":"http:\/\/www.gruene-bad-emstal.de\/index.php?rest_route=\/wp\/v2\/posts\/342\/revisions\/347"}],"wp:attachment":[{"href":"http:\/\/www.gruene-bad-emstal.de\/index.php?rest_route=%2Fwp%2Fv2%2Fmedia&parent=342"}],"wp:term":[{"taxonomy":"category","embeddable":true,"href":"http:\/\/www.gruene-bad-emstal.de\/index.php?rest_route=%2Fwp%2Fv2%2Fcategories&post=342"},{"taxonomy":"post_tag","embeddable":true,"href":"http:\/\/www.gruene-bad-emstal.de\/index.php?rest_route=%2Fwp%2Fv2%2Ftags&post=342"}],"curies":[{"name":"wp","href":"https:\/\/api.w.org\/{rel}","templated":true}]}}