{"id":365,"date":"2014-01-10T10:23:56","date_gmt":"2014-01-10T09:23:56","guid":{"rendered":"http:\/\/www.gruene-bad-emstal.de\/?p=365"},"modified":"2014-01-10T10:23:56","modified_gmt":"2014-01-10T09:23:56","slug":"demo-gegen-die-schliesung-der-geburtshilfe","status":"publish","type":"post","link":"http:\/\/www.gruene-bad-emstal.de\/?p=365","title":{"rendered":"Demo gegen die Schlie\u00dfung der Geburtshilfe"},"content":{"rendered":"<p>Wir haben als Gr\u00fcne bereits am 12. Dezember 2013 einen Dringlichkeitsantrag eingebracht, der sich deutlich gegen die Schlie\u00dfung der Geburtshilfe im Krankenhaus Wolfhagen ausgesprochen hat. Dieser Antrag wurde einstimmig angenommen. Aber das reicht keinesfalls. Um den Erhalt der Geburtshilfe am\u00a0 Standort Wolfhagen zu sichern, m\u00fcssen wir alle deutliche Zeichen setzen. Die gef\u00fchrten Gespr\u00e4che lassen vermuten, dass auch viel Druck von &#8222;der Stra\u00dfe&#8220; notwendig sein wird. Deshalb unser Hinweis auf die<\/p>\n<p>Demo gegen die Schlie\u00dfung der Geburtshilfe<\/p>\n<p>10. Januar 2014 ab 16 Uhr in Wolfhagen<\/p>\n<p>Treffpunkt: An der Sonnenapotheke, Wolfhagen Kurf\u00fcrstenstra\u00dfe 47.<\/p>\n<p>Wir sind da, Ihr hoffentlich auch. Wir wollen unsere Geburtshilfe behalten!<\/p>\n","protected":false},"excerpt":{"rendered":"<p>Wir haben als Gr\u00fcne bereits am 12. Dezember 2013 einen Dringlichkeitsantrag eingebracht, der sich deutlich gegen die Schlie\u00dfung der Geburtshilfe im Krankenhaus Wolfhagen ausgesprochen hat. Dieser Antrag wurde einstimmig angenommen. Aber das reicht keinesfalls. Um den Erhalt der Geburtshilfe am\u00a0 Standort Wolfhagen zu sichern, m\u00fcssen wir alle deutliche Zeichen setzen. Die gef\u00fchrten Gespr\u00e4che lassen vermuten, [&hellip;] <a class=\"more-link\" href=\"http:\/\/www.gruene-bad-emstal.de\/?p=365\">&darr; Read the rest of this entry&#8230;<\/a><\/p>\n","protected":false},"author":4,"featured_media":0,"comment_status":"open","ping_status":"open","sticky":false,"template":"","format":"standard","meta":[],"categories":[1],"tags":[],"_links":{"self":[{"href":"http:\/\/www.gruene-bad-emstal.de\/index.php?rest_route=\/wp\/v2\/posts\/365"}],"collection":[{"href":"http:\/\/www.gruene-bad-emstal.de\/index.php?rest_route=\/wp\/v2\/posts"}],"about":[{"href":"http:\/\/www.gruene-bad-emstal.de\/index.php?rest_route=\/wp\/v2\/types\/post"}],"author":[{"embeddable":true,"href":"http:\/\/www.gruene-bad-emstal.de\/index.php?rest_route=\/wp\/v2\/users\/4"}],"replies":[{"embeddable":true,"href":"http:\/\/www.gruene-bad-emstal.de\/index.php?rest_route=%2Fwp%2Fv2%2Fcomments&post=365"}],"version-history":[{"count":3,"href":"http:\/\/www.gruene-bad-emstal.de\/index.php?rest_route=\/wp\/v2\/posts\/365\/revisions"}],"predecessor-version":[{"id":368,"href":"http:\/\/www.gruene-bad-emstal.de\/index.php?rest_route=\/wp\/v2\/posts\/365\/revisions\/368"}],"wp:attachment":[{"href":"http:\/\/www.gruene-bad-emstal.de\/index.php?rest_route=%2Fwp%2Fv2%2Fmedia&parent=365"}],"wp:term":[{"taxonomy":"category","embeddable":true,"href":"http:\/\/www.gruene-bad-emstal.de\/index.php?rest_route=%2Fwp%2Fv2%2Fcategories&post=365"},{"taxonomy":"post_tag","embeddable":true,"href":"http:\/\/www.gruene-bad-emstal.de\/index.php?rest_route=%2Fwp%2Fv2%2Ftags&post=365"}],"curies":[{"name":"wp","href":"https:\/\/api.w.org\/{rel}","templated":true}]}}