{"id":374,"date":"2015-08-27T12:40:41","date_gmt":"2015-08-27T10:40:41","guid":{"rendered":"http:\/\/www.gruene-bad-emstal.de\/?p=374"},"modified":"2016-02-13T22:26:28","modified_gmt":"2016-02-13T21:26:28","slug":"suedlink-unser-standpunkt-seit-dem-20-marz-2014","status":"publish","type":"post","link":"http:\/\/www.gruene-bad-emstal.de\/?p=374","title":{"rendered":"SuedLink &#8211; Unser Standpunkt seit dem 20. M\u00e4rz 2014"},"content":{"rendered":"<p style=\"text-align: center;\"><strong>Ja zur Energiewende.<\/strong><\/p>\n<p style=\"text-align: center;\"><strong>Nein zur Hochspannungstrasse.<\/strong><\/p>\n<p>Sowohl der Ortsverband als auch die Fraktion der Gr\u00fcnen in Bad Emstal haben ihren Standpunkt zu diesem wichtigen Thema bereits im M\u00e4rz 2014 festgelegt.<\/p>\n<p>Anders als f\u00fcr anderen Gruppen in unserer Gemeinde gab es f\u00fcr uns NIE eine Debatte \u00fcber das WIE, da wir \u00fcberzeugt sind, dass der Ausbau von Hochleistungstrassen der von uns angestrebten Energiewende entgegensteht.<\/p>\n<p>Wie sich nun anhand von Studien und Untersuchungen zeigt, lagen wir von Anfang an damit richtig. Aus diesem Grund k\u00f6nnen wir auch die Haltung einiger Gr\u00fcner auf Landesebene nicht teilen und haben dies parteiintern auch massiv kundgetan.<\/p>\n","protected":false},"excerpt":{"rendered":"<p>Ja zur Energiewende. Nein zur Hochspannungstrasse. Sowohl der Ortsverband als auch die Fraktion der Gr\u00fcnen in Bad Emstal haben ihren Standpunkt zu diesem wichtigen Thema bereits im M\u00e4rz 2014 festgelegt. Anders als f\u00fcr anderen Gruppen in unserer Gemeinde gab es f\u00fcr uns NIE eine Debatte \u00fcber das WIE, da wir \u00fcberzeugt sind, dass der Ausbau [&hellip;] <a class=\"more-link\" href=\"http:\/\/www.gruene-bad-emstal.de\/?p=374\">&darr; Read the rest of this entry&#8230;<\/a><\/p>\n","protected":false},"author":4,"featured_media":0,"comment_status":"open","ping_status":"open","sticky":false,"template":"","format":"standard","meta":[],"categories":[1],"tags":[],"_links":{"self":[{"href":"http:\/\/www.gruene-bad-emstal.de\/index.php?rest_route=\/wp\/v2\/posts\/374"}],"collection":[{"href":"http:\/\/www.gruene-bad-emstal.de\/index.php?rest_route=\/wp\/v2\/posts"}],"about":[{"href":"http:\/\/www.gruene-bad-emstal.de\/index.php?rest_route=\/wp\/v2\/types\/post"}],"author":[{"embeddable":true,"href":"http:\/\/www.gruene-bad-emstal.de\/index.php?rest_route=\/wp\/v2\/users\/4"}],"replies":[{"embeddable":true,"href":"http:\/\/www.gruene-bad-emstal.de\/index.php?rest_route=%2Fwp%2Fv2%2Fcomments&post=374"}],"version-history":[{"count":4,"href":"http:\/\/www.gruene-bad-emstal.de\/index.php?rest_route=\/wp\/v2\/posts\/374\/revisions"}],"predecessor-version":[{"id":441,"href":"http:\/\/www.gruene-bad-emstal.de\/index.php?rest_route=\/wp\/v2\/posts\/374\/revisions\/441"}],"wp:attachment":[{"href":"http:\/\/www.gruene-bad-emstal.de\/index.php?rest_route=%2Fwp%2Fv2%2Fmedia&parent=374"}],"wp:term":[{"taxonomy":"category","embeddable":true,"href":"http:\/\/www.gruene-bad-emstal.de\/index.php?rest_route=%2Fwp%2Fv2%2Fcategories&post=374"},{"taxonomy":"post_tag","embeddable":true,"href":"http:\/\/www.gruene-bad-emstal.de\/index.php?rest_route=%2Fwp%2Fv2%2Ftags&post=374"}],"curies":[{"name":"wp","href":"https:\/\/api.w.org\/{rel}","templated":true}]}}