{"id":379,"date":"2015-11-13T11:00:17","date_gmt":"2015-11-13T10:00:17","guid":{"rendered":"http:\/\/www.gruene-bad-emstal.de\/?p=379"},"modified":"2019-04-03T17:45:13","modified_gmt":"2019-04-03T15:45:13","slug":"jetzt-mitgestalten-19-november-19-uhr","status":"publish","type":"post","link":"http:\/\/www.gruene-bad-emstal.de\/?p=379","title":{"rendered":"Jetzt mitgestalten &#8211; 19. November 19 Uhr"},"content":{"rendered":"<p style=\"text-align: center;\"><strong>Aktiv oder passiv<\/strong>, das ist &#8211; mit Blick auf den 6. M\u00e4rz 2016 &#8211;<br \/>\ndie entscheidende Frage.<\/p>\n<p>Wir laden Sie ein mit zu reden und mit zu gestalten. Am besten schon jetzt &#8211;<br \/>\nbei unser Veranstaltung<\/p>\n<p style=\"text-align: center;\"><strong>\u201eBad Emstal 2021\u201c<\/strong><\/p>\n<p style=\"text-align: center;\">von B\u00fcndnis 90 \/ Die Gr\u00fcnen Bad Emstal am<\/p>\n<p style=\"text-align: center;\"><strong>19. November 2015<\/strong><\/p>\n<p>um 19 Uhr im Sander Hof \/ UG, Karlsbader Stra\u00dfe 27, OT Sand.<\/p>\n<p>Viele Menschen sind mit den Entwicklungen in unserer Gemeinde unzufrieden. Jetzt besteht die M\u00f6glichkeit sich aktiv in die politischen Entscheidungsprozesse einzubringen.<\/p>\n<p>Ziel des Treffens &#8211; gemeinsam zu formulieren wo wir&nbsp; unsere Gemeinde im Jahr 2021, am Ende der n\u00e4chsten Wahlperiode, stehen sehen wollen.<\/p>\n<p>Denn nur wenn du wei\u00dft wo du hinwillst, kannst du deinen Weg erfolgreich gehen.<\/p>\n<p>Wichtige Punkte f\u00fcr die n\u00e4chsten f\u00fcnf Jahre:<br \/>\ndie Gemeindefinanzen;<br \/>\ndie Zukunft des Thermalbades;<br \/>\ndie SuedLink-Trasse;<br \/>\nChancen, die sich aus dem demografischen Wandel und dem Zuzug von Menschen aus anderen L\u00e4ndern ergeben;<br \/>\ndie Zukunft der Kinderbetreuung und<br \/>\ndie Schaffung bzw. die Erhaltung von Mobilit\u00e4t &#8211; besonders in den Ortsteilen &#8211; so wie<br \/>\ndie Einbindung aller (Alters-) Gruppen in die politische Diskussion.<\/p>\n<p style=\"text-align: right;\"><strong>Dir fehlt was &#8211; dann freuen wir uns auf Deinen Beitrag am 19. November<\/strong><\/p>\n<p>Selbstverst\u00e4ndlich ist f\u00fcr die Bad Emstaler Gr\u00fcnen die durchg\u00e4ngige Einbindung der B\u00fcrgerinnen und B\u00fcrger in Entscheidungsprozesse quasi Programm. Doch zeigt sich, dass es oft schwierig ist Informationen an die Menschen weiterzugeben. Da speziell in Bad Emstal der Eindruck entsteht, dass die Daten und Fakten keinesfalls offen auf den Tisch kommen sollen. Durch st\u00e4ndige Hinweise auf bestehende Verschwiegenheitsregelungen wird das Gef\u00fchl erzeugt, dass einem ein Maulkorb verpasst werden soll. Die Fraktion hat sich deshalb bereits mehrfach f\u00fcr&nbsp; die Ver\u00f6ffentlichung von Sitzungsprotokollen und gegen den Ausschluss der \u00d6ffentlichkeit bei Haushaltsausschuss-Sitzungen ausgesprochen.<\/p>\n<p>Viele Informationen k\u00f6nnen so nur innerhalb der Fraktion weitergegeben werden. So geht viel Potenzial und Fachwissen f\u00fcr L\u00f6sungsfindungen verloren. Schon deshalb ist es, aus der Sicht der Gr\u00fcnen , wichtig aktiv mitzumachen, um der eigenen Meinung auf Basis von Fakten Geh\u00f6r schaffen zu k\u00f6nnen.<\/p>\n","protected":false},"excerpt":{"rendered":"<p>Aktiv oder passiv, das ist &#8211; mit Blick auf den 6. M\u00e4rz 2016 &#8211; die entscheidende Frage. Wir laden Sie ein mit zu reden und mit zu gestalten. Am besten schon jetzt &#8211; bei unser Veranstaltung \u201eBad Emstal 2021\u201c von B\u00fcndnis 90 \/ Die Gr\u00fcnen Bad Emstal am 19. November 2015 um 19 Uhr im [&hellip;] <a class=\"more-link\" href=\"http:\/\/www.gruene-bad-emstal.de\/?p=379\">&darr; Read the rest of this entry&#8230;<\/a><\/p>\n","protected":false},"author":4,"featured_media":0,"comment_status":"open","ping_status":"open","sticky":false,"template":"","format":"standard","meta":[],"categories":[8],"tags":[],"_links":{"self":[{"href":"http:\/\/www.gruene-bad-emstal.de\/index.php?rest_route=\/wp\/v2\/posts\/379"}],"collection":[{"href":"http:\/\/www.gruene-bad-emstal.de\/index.php?rest_route=\/wp\/v2\/posts"}],"about":[{"href":"http:\/\/www.gruene-bad-emstal.de\/index.php?rest_route=\/wp\/v2\/types\/post"}],"author":[{"embeddable":true,"href":"http:\/\/www.gruene-bad-emstal.de\/index.php?rest_route=\/wp\/v2\/users\/4"}],"replies":[{"embeddable":true,"href":"http:\/\/www.gruene-bad-emstal.de\/index.php?rest_route=%2Fwp%2Fv2%2Fcomments&post=379"}],"version-history":[{"count":9,"href":"http:\/\/www.gruene-bad-emstal.de\/index.php?rest_route=\/wp\/v2\/posts\/379\/revisions"}],"predecessor-version":[{"id":532,"href":"http:\/\/www.gruene-bad-emstal.de\/index.php?rest_route=\/wp\/v2\/posts\/379\/revisions\/532"}],"wp:attachment":[{"href":"http:\/\/www.gruene-bad-emstal.de\/index.php?rest_route=%2Fwp%2Fv2%2Fmedia&parent=379"}],"wp:term":[{"taxonomy":"category","embeddable":true,"href":"http:\/\/www.gruene-bad-emstal.de\/index.php?rest_route=%2Fwp%2Fv2%2Fcategories&post=379"},{"taxonomy":"post_tag","embeddable":true,"href":"http:\/\/www.gruene-bad-emstal.de\/index.php?rest_route=%2Fwp%2Fv2%2Ftags&post=379"}],"curies":[{"name":"wp","href":"https:\/\/api.w.org\/{rel}","templated":true}]}}