{"id":437,"date":"2016-02-13T22:50:06","date_gmt":"2016-02-13T21:50:06","guid":{"rendered":"http:\/\/www.gruene-bad-emstal.de\/?p=437"},"modified":"2019-04-03T17:44:29","modified_gmt":"2019-04-03T15:44:29","slug":"gemeindevertretungssitzung-am-25-februar-2016","status":"publish","type":"post","link":"http:\/\/www.gruene-bad-emstal.de\/?p=437","title":{"rendered":"Gemeindevertretungssitzung am 25. Februar 2016"},"content":{"rendered":"<p>Auch wenn sich diese Legislaturperiode zu Ende neigt, so bewegen uns weiter wichtige Themen aus unserer Gemeinde. Unsere Antr\u00e4ge f\u00fcr die n\u00e4chste Sitzung finden Sie hier<\/p>\n<p><strong>Freiwillig Tempo 30 Zone im Bereich Kasseler Stra\u00dfe<\/strong><\/p>\n<p>Wir beantragen, dass der Gemeindevorstand beauftragt wird alle Schritte einzuleiten, die notwendig sind, damit auf der Kasseler Stra\u00dfe zwischen der Heinrichstra\u00dfe und der Beethovenstra\u00dfe eine \u201eFreiwillig Tempo 30 Zone\u201c eingerichtet werden kann.<\/p>\n<p>Hintergrund: Durch zu schnelles Fahren in der Ortsmitte von Sand kommt es seit langem immer wieder zu gef\u00e4hrlichen Situationen. Bedauerlicherweise k\u00fcrzlich auch zu einem schweren Unfall. Da es sich um eine Landesstra\u00dfe handelt, ist unser Ordnungsbeh\u00f6rdenbezirk nicht f\u00fcr die Einrichtung einer 30ger Zone zust\u00e4ndig, sondern \u00fcbergeordnete Stellen. Das kann dauern, wenn es \u00fcberhaupt m\u00f6glich wird.<\/p>\n<p>Die Schaffung einer Freiwillig Tempo 30 Zone ist ohne diese b\u00fcrokratischen H\u00fcrden m\u00f6glich.<\/p>\n<p><strong>Personelle Ausstattung in der Kita Zwergenh\u00f6hle<\/strong><\/p>\n<p>Wir beantragen, dass der Gemeindevorstand&nbsp; beauftragt wird der Gemeindevertretung bis zur n\u00e4chsten Sitzung eine anonymisierte Aufstellung der personellen Ausstattung der vergangenen drei Jahre im Kindergarten Zwergenh\u00f6hle vorzulegen. Die Aufstellung hat folgende Punkte zu beinhalten:<\/p>\n<p>Die Entwicklung des vorgeschriebenen Betreuungsschl\u00fcssels<\/p>\n<p>Die anonymisierte Aufstellung der MitarbeiterInnen geordnet nach der Dauer des Besch\u00e4ftigungsverh\u00e4ltnisses mit dem Arbeitsort Zwergenh\u00f6hle<\/p>\n<p>Quote des MitarbeiterInnenwechsels nach Einsatzgebiet auf Basis von Vollzeitstellen (Gruppenbetreuung, Betreuung \/ Integrationskinder, Betreuung \/ Vorschulkinder, Leitungsaufgaben)<\/p>\n<p>Hintergrund: Besonders die kleinsten Bad Emstaler*Innen brauchen Kontinuit\u00e4t bei der Betreuung. Auch wenn die Gemeinde das Kindergartenmanagement extern vergeben hat, so bleibt die Verantwortung doch bei uns.<\/p>\n<p><strong>Einrichtung des Produktes Radwege im Produktbereich 12 Verkehrsfl\u00e4chen und \u2013anlagen\/\u00d6PNV<\/strong><\/p>\n<p>Wir beantragen, dass der Gemeindevorstand beauftragt wird im Produktbereich 12 Verkehrsfl\u00e4chen und \u2013anlagen\/\u00d6PNV das Produkt Radwege einzurichten und ein Investitionsvolumen von 2 000 Euro pro Jahr in die Ans\u00e4tze der n\u00e4chsten f\u00fcnf Jahre aufzunehmen.<\/p>\n<p>Hintergrund: Was da sehr sperrig r\u00fcberkommt, bedeutet nichts anderes als das die &#8211; f\u00fcr die Mobilit\u00e4t der Zukunft &#8211; wichtigen Radwege dezidierten Eingang in den Gemeindehaushalt finden.<\/p>\n","protected":false},"excerpt":{"rendered":"<p>Auch wenn sich diese Legislaturperiode zu Ende neigt, so bewegen uns weiter wichtige Themen aus unserer Gemeinde. Unsere Antr\u00e4ge f\u00fcr die n\u00e4chste Sitzung finden Sie hier Freiwillig Tempo 30 Zone im Bereich Kasseler Stra\u00dfe Wir beantragen, dass der Gemeindevorstand beauftragt wird alle Schritte einzuleiten, die notwendig sind, damit auf der Kasseler Stra\u00dfe zwischen der Heinrichstra\u00dfe [&hellip;] <a class=\"more-link\" href=\"http:\/\/www.gruene-bad-emstal.de\/?p=437\">&darr; Read the rest of this entry&#8230;<\/a><\/p>\n","protected":false},"author":4,"featured_media":0,"comment_status":"open","ping_status":"open","sticky":false,"template":"","format":"standard","meta":[],"categories":[13],"tags":[],"_links":{"self":[{"href":"http:\/\/www.gruene-bad-emstal.de\/index.php?rest_route=\/wp\/v2\/posts\/437"}],"collection":[{"href":"http:\/\/www.gruene-bad-emstal.de\/index.php?rest_route=\/wp\/v2\/posts"}],"about":[{"href":"http:\/\/www.gruene-bad-emstal.de\/index.php?rest_route=\/wp\/v2\/types\/post"}],"author":[{"embeddable":true,"href":"http:\/\/www.gruene-bad-emstal.de\/index.php?rest_route=\/wp\/v2\/users\/4"}],"replies":[{"embeddable":true,"href":"http:\/\/www.gruene-bad-emstal.de\/index.php?rest_route=%2Fwp%2Fv2%2Fcomments&post=437"}],"version-history":[{"count":10,"href":"http:\/\/www.gruene-bad-emstal.de\/index.php?rest_route=\/wp\/v2\/posts\/437\/revisions"}],"predecessor-version":[{"id":531,"href":"http:\/\/www.gruene-bad-emstal.de\/index.php?rest_route=\/wp\/v2\/posts\/437\/revisions\/531"}],"wp:attachment":[{"href":"http:\/\/www.gruene-bad-emstal.de\/index.php?rest_route=%2Fwp%2Fv2%2Fmedia&parent=437"}],"wp:term":[{"taxonomy":"category","embeddable":true,"href":"http:\/\/www.gruene-bad-emstal.de\/index.php?rest_route=%2Fwp%2Fv2%2Fcategories&post=437"},{"taxonomy":"post_tag","embeddable":true,"href":"http:\/\/www.gruene-bad-emstal.de\/index.php?rest_route=%2Fwp%2Fv2%2Ftags&post=437"}],"curies":[{"name":"wp","href":"https:\/\/api.w.org\/{rel}","templated":true}]}}