{"id":491,"date":"2016-03-01T21:29:04","date_gmt":"2016-03-01T20:29:04","guid":{"rendered":"http:\/\/www.gruene-bad-emstal.de\/?p=491"},"modified":"2016-03-01T21:29:04","modified_gmt":"2016-03-01T20:29:04","slug":"burgerbeteiligung-sieht-anders-aus-das-muss-sich-in-sachen-thermalbad-rasch-andern","status":"publish","type":"post","link":"http:\/\/www.gruene-bad-emstal.de\/?p=491","title":{"rendered":"B\u00fcrgerbeteiligung sieht anders aus.  Das muss sich in Sachen Thermalbad rasch \u00e4ndern!"},"content":{"rendered":"<p>Mehr als <strong>460.000 Euro<\/strong> erh\u00e4lt Bad Emstal vom Bund f\u00fcr Investitionen. An sich erfreulich, wenn \u00fcber die Verwendung der Finanzspritze unter Einbeziehung der Menschen in Bad Emstal diskutiert worden w\u00e4re. Davon war aber in Gemeindevertretungssitzung am 25. Februar 2016 keine Rede.<\/p>\n<p>Der alternativlose Vorschlag des Gemeindevorstandes \u2013 die <strong>knappe halbe Million flie\u00dfen ins Thermalbad<\/strong>.<\/p>\n<p><strong>Unser Antrag<\/strong>: Es sollte dem Haupt- und Finanzausschuss eine Liste der m\u00f6glichen und notwendigen investiven Ma\u00dfnahmen, die in der Gemeinde anstehen \u2013 wie zum Beispiel der Um- bzw. Neubau des Kindergartens Zwergenh\u00f6hle &#8211; \u00a0vorgelegt werden.<!--more--><\/p>\n<p><strong>Unsere Beweggr\u00fcnde<\/strong>: Im Ausschuss w\u00e4re eine abw\u00e4gende Diskussion \u00fcber die Mittelverwendung m\u00f6glich gewesen. Die Bad Emstaler h\u00e4tten zwar nicht mitentscheiden, aber sich zumindest in die Diskussion einbringen k\u00f6nnen.<\/p>\n<p>Das Ergebnis: Nur ein Kollege aus der SPD-Fraktion stimmt mit uns f\u00fcr den Antrag. Der Rest der SPD-Fraktion und die gesamten anwesenden\u00a0 B\u00fcrgerliste-Vertreter dagegen.<\/p>\n<p>F\u00fcr uns einen vertane Chance und ein Zeichen daf\u00fcr, dass der Wille zu einer wirklichen B\u00fcrgerbeteiligung fehlt. <strong>Wir, Gr\u00fcne, leben B\u00fcrgerbeteiligung<\/strong>, andere plakatieren sie nur.<\/p>\n<p><strong>Hintergrund<\/strong>: Es gibt noch kein Konzept f\u00fcr die weitere Nutzung des Thermalbades und keine \u00dcbersicht \u00fcber alle notwendigen Sanierungsma\u00dfnahmen innerhalb des Geb\u00e4udekomplexes. Die Ergebnisse der Arbeit der Thermalbadkommission werden den Menschen in Bad Emstal nicht pr\u00e4sentiert. Mal abgesehen von einem wenig aussagef\u00e4higen Zwischenbericht.<\/p>\n<p><strong>Die Zukunft<\/strong>: Ungewiss \u2013 Momentan machen sich einige Gruppen f\u00fcr die Schlie\u00dfung des \u00f6ffentlichen Badbetriebes stark.<\/p>\n<p>Daraus ergibt sich folgendes m\u00f6gliches Szenario: Nur wenige kommen rein, es werden privatwirtschaftliche Gewinne erzielt und die Bad Emstaler d\u00fcrfen f\u00fcr die Erhaltung, die Sanierung und m\u00f6gliche Teildefizite bezahlen. Dass so etwas im Sinne der Bad Emstaler B\u00fcrger ist, wagen wir zu bezweifeln. Ebenso das damit die Kosten f\u00fcr das Thermalbad drastisch gesenkt werden. Denn auch in einem solchen Fall muss der gesamte Geb\u00e4udekomplex erhalten werden.<\/p>\n<p>Wie die Zukunft des Thermalbades aussehen soll? Dazu m\u00fcssen endlich die befragt werden, die bezahlen \u2013 die Menschen in Bad Emstal! Das steht f\u00fcr uns fest.<\/p>\n<p>Vorher weiter Summen wie die mehr als 460.000 Euro ins Thermalbad flie\u00dfen zu lassen ist es aus unserer Sicht kaum zu vertreten.<\/p>\n","protected":false},"excerpt":{"rendered":"<p>Mehr als 460.000 Euro erh\u00e4lt Bad Emstal vom Bund f\u00fcr Investitionen. An sich erfreulich, wenn \u00fcber die Verwendung der Finanzspritze unter Einbeziehung der Menschen in Bad Emstal diskutiert worden w\u00e4re. Davon war aber in Gemeindevertretungssitzung am 25. Februar 2016 keine Rede. Der alternativlose Vorschlag des Gemeindevorstandes \u2013 die knappe halbe Million flie\u00dfen ins Thermalbad. Unser [&hellip;] <a class=\"more-link\" href=\"http:\/\/www.gruene-bad-emstal.de\/?p=491\">&darr; Read the rest of this entry&#8230;<\/a><\/p>\n","protected":false},"author":4,"featured_media":0,"comment_status":"open","ping_status":"open","sticky":false,"template":"","format":"standard","meta":[],"categories":[1],"tags":[10,11,9],"_links":{"self":[{"href":"http:\/\/www.gruene-bad-emstal.de\/index.php?rest_route=\/wp\/v2\/posts\/491"}],"collection":[{"href":"http:\/\/www.gruene-bad-emstal.de\/index.php?rest_route=\/wp\/v2\/posts"}],"about":[{"href":"http:\/\/www.gruene-bad-emstal.de\/index.php?rest_route=\/wp\/v2\/types\/post"}],"author":[{"embeddable":true,"href":"http:\/\/www.gruene-bad-emstal.de\/index.php?rest_route=\/wp\/v2\/users\/4"}],"replies":[{"embeddable":true,"href":"http:\/\/www.gruene-bad-emstal.de\/index.php?rest_route=%2Fwp%2Fv2%2Fcomments&post=491"}],"version-history":[{"count":5,"href":"http:\/\/www.gruene-bad-emstal.de\/index.php?rest_route=\/wp\/v2\/posts\/491\/revisions"}],"predecessor-version":[{"id":496,"href":"http:\/\/www.gruene-bad-emstal.de\/index.php?rest_route=\/wp\/v2\/posts\/491\/revisions\/496"}],"wp:attachment":[{"href":"http:\/\/www.gruene-bad-emstal.de\/index.php?rest_route=%2Fwp%2Fv2%2Fmedia&parent=491"}],"wp:term":[{"taxonomy":"category","embeddable":true,"href":"http:\/\/www.gruene-bad-emstal.de\/index.php?rest_route=%2Fwp%2Fv2%2Fcategories&post=491"},{"taxonomy":"post_tag","embeddable":true,"href":"http:\/\/www.gruene-bad-emstal.de\/index.php?rest_route=%2Fwp%2Fv2%2Ftags&post=491"}],"curies":[{"name":"wp","href":"https:\/\/api.w.org\/{rel}","templated":true}]}}