{"id":509,"date":"2019-04-03T16:57:33","date_gmt":"2019-04-03T14:57:33","guid":{"rendered":"http:\/\/www.gruene-bad-emstal.de\/?p=509"},"modified":"2019-04-03T17:18:44","modified_gmt":"2019-04-03T15:18:44","slug":"10-april-2019-offentliche-fraktionssitzung","status":"publish","type":"post","link":"http:\/\/www.gruene-bad-emstal.de\/?p=509","title":{"rendered":"10. April 2019 &#8211; \u00d6ffentliche Fraktionssitzung"},"content":{"rendered":"<p>Gr\u00fcne laden zur \u00f6ffentlichen Sitzung ein. Seit Jahren besch\u00e4ftigt sich die Fraktion B\u00b490 \/ Die Gr\u00fcnen intensiv mit der Finanzlage der Gemeinde Bad Emstal. Die jeweiligen Haushalte werden intensiv diskutiert so auch der Haushalt 2019. Da davon letztlich alle B\u00fcrgerinnen und B\u00fcrger in der Gemeinde betroffen sind, laden die Gr\u00fcnen zur \u00f6ffentlichen Fraktionssitzung mit Schwerpunkt Haushalt 2019 ein.<\/p>\n<p>Termin: 10. April 2019, ab 19 Uhr<\/p>\n<p>Ort: Sander Hof UG, Karlsbader Stra\u00dfe 27, OT Sand<\/p>\n<p>&nbsp;<\/p>\n","protected":false},"excerpt":{"rendered":"<p>Gr\u00fcne laden zur \u00f6ffentlichen Sitzung ein. Seit Jahren besch\u00e4ftigt sich die Fraktion B\u00b490 \/ Die Gr\u00fcnen intensiv mit der Finanzlage der Gemeinde Bad Emstal. Die jeweiligen Haushalte werden intensiv diskutiert so auch der Haushalt 2019. Da davon letztlich alle B\u00fcrgerinnen und B\u00fcrger in der Gemeinde betroffen sind, laden die Gr\u00fcnen zur \u00f6ffentlichen Fraktionssitzung mit Schwerpunkt [&hellip;] <a class=\"more-link\" href=\"http:\/\/www.gruene-bad-emstal.de\/?p=509\">&darr; Read the rest of this entry&#8230;<\/a><\/p>\n","protected":false},"author":4,"featured_media":0,"comment_status":"open","ping_status":"open","sticky":false,"template":"","format":"standard","meta":[],"categories":[1,4],"tags":[],"_links":{"self":[{"href":"http:\/\/www.gruene-bad-emstal.de\/index.php?rest_route=\/wp\/v2\/posts\/509"}],"collection":[{"href":"http:\/\/www.gruene-bad-emstal.de\/index.php?rest_route=\/wp\/v2\/posts"}],"about":[{"href":"http:\/\/www.gruene-bad-emstal.de\/index.php?rest_route=\/wp\/v2\/types\/post"}],"author":[{"embeddable":true,"href":"http:\/\/www.gruene-bad-emstal.de\/index.php?rest_route=\/wp\/v2\/users\/4"}],"replies":[{"embeddable":true,"href":"http:\/\/www.gruene-bad-emstal.de\/index.php?rest_route=%2Fwp%2Fv2%2Fcomments&post=509"}],"version-history":[{"count":3,"href":"http:\/\/www.gruene-bad-emstal.de\/index.php?rest_route=\/wp\/v2\/posts\/509\/revisions"}],"predecessor-version":[{"id":522,"href":"http:\/\/www.gruene-bad-emstal.de\/index.php?rest_route=\/wp\/v2\/posts\/509\/revisions\/522"}],"wp:attachment":[{"href":"http:\/\/www.gruene-bad-emstal.de\/index.php?rest_route=%2Fwp%2Fv2%2Fmedia&parent=509"}],"wp:term":[{"taxonomy":"category","embeddable":true,"href":"http:\/\/www.gruene-bad-emstal.de\/index.php?rest_route=%2Fwp%2Fv2%2Fcategories&post=509"},{"taxonomy":"post_tag","embeddable":true,"href":"http:\/\/www.gruene-bad-emstal.de\/index.php?rest_route=%2Fwp%2Fv2%2Ftags&post=509"}],"curies":[{"name":"wp","href":"https:\/\/api.w.org\/{rel}","templated":true}]}}