{"id":539,"date":"2019-04-28T18:17:35","date_gmt":"2019-04-28T16:17:35","guid":{"rendered":"http:\/\/www.gruene-bad-emstal.de\/?p=539"},"modified":"2019-05-08T22:48:36","modified_gmt":"2019-05-08T20:48:36","slug":"11-mai-lecker-europa","status":"publish","type":"post","link":"http:\/\/www.gruene-bad-emstal.de\/?p=539","title":{"rendered":"11. Mai &#8211; Lecker.Europa"},"content":{"rendered":"\n<p>Lecker.Europa in Bad Emstal<\/p>\n\n\n\n<p>Mit Blick auf die Europawahl am 26. Mai l\u00e4dt der OV Bad Emstal zu einer Wahlveranstaltung der kulinarischen Art ein, zu der Interessierte herzlich eingeladen sind.<\/p>\n\n\n\n<p>Am 11. Mai 2019 <\/p>\n\n\n\n<p>ab 12 Uhr geht es im Ortsteil Riede \/Bushaltestelle mit einer Fahrradtour Richtung OT Balhorn los. <\/p>\n\n\n\n<p>In Balhorn wartet ein europ\u00e4ische Buffet ab 13.00 Uhr an der Sch\u00f6nen Aussicht \/ Wanderh\u00fctte darauf genossen zu werden. <br> (Adresse siehe unten)<\/p>\n\n\n\n<p> Europa hat eben deutlich mehr zu bieten als Brexit und gerade Gurken. Und in Bad Emstal gibt es von der gemeinschaftseigenen Vielfalt eine Menge. Dazu kommt noch gem\u00fctliches Zusammensein \u2013 wenn gew\u00fcnscht \u2013 nach einer interessanten Fahrrad-Tour. <\/p>\n\n\n\n<p>Sch\u00f6ne Aussicht &#8211; Navi-Adresse Am Distelberg 2, 34308 Bad Emstal direkt vor Parkplatz &#8211; bitte benutzen &#8211; 2 Minuten &#8222;bergauf&#8220; dort ist die Wanderh\u00fctte. Bushaltestelle Bad Emstal-Balhorn-Schwimmbad &#8211; 2 Minuten &#8222;bergauf&#8220;<\/p>\n\n\n\n<p>bon app\u00e9tit, gosea ona, \u03ba\u03b1\u03bb\u03ae \u03cc\u03c1\u03b5\u03be\u03b7, god appetit, fonn maith,\n\u0434\u043e\u0431\u044a\u0440 \u0430\u043f\u0435\u0442\u0438\u0442, buon appetito, \u05d2\u05d5\u05d8\u05e2 \u05d0\u05b7\u05e4\u05bc\u05e2\u05d8\u05d9\u05d8, geras apetitas, gudde Appetit, gudde\nAppetit, bom apetite, god aptit, dobr\u00e1 chu\u0165 k j\u00eddlu, j\u00f3 \u00e9tv\u00e1gy, Enjoy your meal<\/p>\n","protected":false},"excerpt":{"rendered":"<p>Lecker.Europa in Bad Emstal Mit Blick auf die Europawahl am 26. Mai l\u00e4dt der OV Bad Emstal zu einer Wahlveranstaltung der kulinarischen Art ein, zu der Interessierte herzlich eingeladen sind. Am 11. Mai 2019 ab 12 Uhr geht es im Ortsteil Riede \/Bushaltestelle mit einer Fahrradtour Richtung OT Balhorn los. In Balhorn wartet ein europ\u00e4ische [&hellip;] <a class=\"more-link\" href=\"http:\/\/www.gruene-bad-emstal.de\/?p=539\">&darr; Read the rest of this entry&#8230;<\/a><\/p>\n","protected":false},"author":4,"featured_media":0,"comment_status":"open","ping_status":"open","sticky":false,"template":"","format":"standard","meta":[],"categories":[1],"tags":[],"_links":{"self":[{"href":"http:\/\/www.gruene-bad-emstal.de\/index.php?rest_route=\/wp\/v2\/posts\/539"}],"collection":[{"href":"http:\/\/www.gruene-bad-emstal.de\/index.php?rest_route=\/wp\/v2\/posts"}],"about":[{"href":"http:\/\/www.gruene-bad-emstal.de\/index.php?rest_route=\/wp\/v2\/types\/post"}],"author":[{"embeddable":true,"href":"http:\/\/www.gruene-bad-emstal.de\/index.php?rest_route=\/wp\/v2\/users\/4"}],"replies":[{"embeddable":true,"href":"http:\/\/www.gruene-bad-emstal.de\/index.php?rest_route=%2Fwp%2Fv2%2Fcomments&post=539"}],"version-history":[{"count":4,"href":"http:\/\/www.gruene-bad-emstal.de\/index.php?rest_route=\/wp\/v2\/posts\/539\/revisions"}],"predecessor-version":[{"id":545,"href":"http:\/\/www.gruene-bad-emstal.de\/index.php?rest_route=\/wp\/v2\/posts\/539\/revisions\/545"}],"wp:attachment":[{"href":"http:\/\/www.gruene-bad-emstal.de\/index.php?rest_route=%2Fwp%2Fv2%2Fmedia&parent=539"}],"wp:term":[{"taxonomy":"category","embeddable":true,"href":"http:\/\/www.gruene-bad-emstal.de\/index.php?rest_route=%2Fwp%2Fv2%2Fcategories&post=539"},{"taxonomy":"post_tag","embeddable":true,"href":"http:\/\/www.gruene-bad-emstal.de\/index.php?rest_route=%2Fwp%2Fv2%2Ftags&post=539"}],"curies":[{"name":"wp","href":"https:\/\/api.w.org\/{rel}","templated":true}]}}