{"id":546,"date":"2019-05-10T13:56:18","date_gmt":"2019-05-10T11:56:18","guid":{"rendered":"http:\/\/www.gruene-bad-emstal.de\/?p=546"},"modified":"2019-05-10T13:56:18","modified_gmt":"2019-05-10T11:56:18","slug":"infos-lecker-europa","status":"publish","type":"post","link":"http:\/\/www.gruene-bad-emstal.de\/?p=546","title":{"rendered":"Infos &#8211; Lecker.Europa"},"content":{"rendered":"\n<p>Wer sich von ein wenig Regen nicht vom Radfahren abhalten l\u00e4sst, kann mit  Micha in Riede um 12 Uhr starten &#8211; Treffpunkt Bushaltestelle Ecke Kirchberger Str. \/ Im Siffen. Nach etwa einer halben Stunde Eintreffen (12.30-12.45 Uhr) beim Zwischenstopp in Bad Emstal-Sand Parkplatz unterhalb der Kita Zwergenh\u00f6hle \/ Schulstr. . Danach geht es weiter nach Balhorn. <\/p>\n\n\n\n<p>F\u00fcr alle, die morgen keine Lust auf Pedaletreten haben, geht es um 13 Uhr an der Wanderh\u00fctte &#8222;Sch\u00f6ne Aussicht&#8220; los. Navi-Adresse Am Distelberg 2. 34308 Bad Emstal &#8211; direkt beim Parkplatz &#8211; bitte dort parken und  die zwei Minuten &#8222;bergauf&#8220; laufen. Anfahrt per Bus &#8211; Haltestelle Bad Emstal-Balhorn Schwimmbad. <\/p>\n\n\n\n<p>Bis morgen! Wir freuen uns.<\/p>\n","protected":false},"excerpt":{"rendered":"<p>Wer sich von ein wenig Regen nicht vom Radfahren abhalten l\u00e4sst, kann mit Micha in Riede um 12 Uhr starten &#8211; Treffpunkt Bushaltestelle Ecke Kirchberger Str. \/ Im Siffen. Nach etwa einer halben Stunde Eintreffen (12.30-12.45 Uhr) beim Zwischenstopp in Bad Emstal-Sand Parkplatz unterhalb der Kita Zwergenh\u00f6hle \/ Schulstr. . Danach geht es weiter nach [&hellip;] <a class=\"more-link\" href=\"http:\/\/www.gruene-bad-emstal.de\/?p=546\">&darr; Read the rest of this entry&#8230;<\/a><\/p>\n","protected":false},"author":4,"featured_media":0,"comment_status":"open","ping_status":"open","sticky":false,"template":"","format":"standard","meta":[],"categories":[1],"tags":[],"_links":{"self":[{"href":"http:\/\/www.gruene-bad-emstal.de\/index.php?rest_route=\/wp\/v2\/posts\/546"}],"collection":[{"href":"http:\/\/www.gruene-bad-emstal.de\/index.php?rest_route=\/wp\/v2\/posts"}],"about":[{"href":"http:\/\/www.gruene-bad-emstal.de\/index.php?rest_route=\/wp\/v2\/types\/post"}],"author":[{"embeddable":true,"href":"http:\/\/www.gruene-bad-emstal.de\/index.php?rest_route=\/wp\/v2\/users\/4"}],"replies":[{"embeddable":true,"href":"http:\/\/www.gruene-bad-emstal.de\/index.php?rest_route=%2Fwp%2Fv2%2Fcomments&post=546"}],"version-history":[{"count":2,"href":"http:\/\/www.gruene-bad-emstal.de\/index.php?rest_route=\/wp\/v2\/posts\/546\/revisions"}],"predecessor-version":[{"id":548,"href":"http:\/\/www.gruene-bad-emstal.de\/index.php?rest_route=\/wp\/v2\/posts\/546\/revisions\/548"}],"wp:attachment":[{"href":"http:\/\/www.gruene-bad-emstal.de\/index.php?rest_route=%2Fwp%2Fv2%2Fmedia&parent=546"}],"wp:term":[{"taxonomy":"category","embeddable":true,"href":"http:\/\/www.gruene-bad-emstal.de\/index.php?rest_route=%2Fwp%2Fv2%2Fcategories&post=546"},{"taxonomy":"post_tag","embeddable":true,"href":"http:\/\/www.gruene-bad-emstal.de\/index.php?rest_route=%2Fwp%2Fv2%2Ftags&post=546"}],"curies":[{"name":"wp","href":"https:\/\/api.w.org\/{rel}","templated":true}]}}