{"id":550,"date":"2019-09-22T21:53:05","date_gmt":"2019-09-22T19:53:05","guid":{"rendered":"http:\/\/www.gruene-bad-emstal.de\/?p=550"},"modified":"2019-09-22T21:53:05","modified_gmt":"2019-09-22T19:53:05","slug":"28-9-per-rad-zum-gemeinsamen-sommerausklang","status":"publish","type":"post","link":"http:\/\/www.gruene-bad-emstal.de\/?p=550","title":{"rendered":"28.9. &#8211; Per Rad zum gemeinsamen Sommerausklang"},"content":{"rendered":"\n<p>Am 28. September steht hoffentlich der klassische Altweibersommer auf dem Programm. Wir,  die Bad Emstaler\u00a0 Gr\u00fcnen, laden  zum gemeinsamen Sommerausklang ein und ein paar Sonnenstrahlen sowie das Wegbleiben von Regen d\u00fcrften die Stimmung dabei deutlich heben.<\/p>\n\n\n\n<p>Die angek\u00fcndigte Schlie\u00dfung der Wolfhager Klinik wird sicher ebenso Thema sein, wie der weltweite Klimastreik am 20.0.2019. Dazu gibt es klimafreundliche Bewegung per Rad. Wer mag ab 12 Uhr von Riede  aus mit Michael Br\u00fcll oder auch gerne aus anderen Orten. F\u00fcr die Routenplanung empfehlen sich Online-Routenplaner.<\/p>\n\n\n\n<p>Zielort ist in\njedem Fall die Freizeitanlage Merxhausen in Bad Emstal OT Merxhausen. Dort gibt\nes ab 12.30 Uhr \u201eSpeis und Trank\u201c sowie nette Gespr\u00e4che oder vielleicht auch\nhei\u00dfe Diskussionen angesichts der aktuellen Geschehnisse.<\/p>\n\n\n\n<p>Termin: Samstag,\nden 28. September 2019, ab 12 Uhr<\/p>\n\n\n\n<p>Ort: Freizeitanlage\nMerxhausen, M\u00fchlenstr. (direkt am Waldrand) 34308 Bad Emstal<\/p>\n\n\n\n<p>Start der Rad-Tour:\n12 Uhr DGH Riede, In der Torwiese, 34308 Bad Emstal<\/p>\n","protected":false},"excerpt":{"rendered":"<p>Am 28. September steht hoffentlich der klassische Altweibersommer auf dem Programm. Wir, die Bad Emstaler\u00a0 Gr\u00fcnen, laden zum gemeinsamen Sommerausklang ein und ein paar Sonnenstrahlen sowie das Wegbleiben von Regen d\u00fcrften die Stimmung dabei deutlich heben. Die angek\u00fcndigte Schlie\u00dfung der Wolfhager Klinik wird sicher ebenso Thema sein, wie der weltweite Klimastreik am 20.0.2019. Dazu gibt [&hellip;] <a class=\"more-link\" href=\"http:\/\/www.gruene-bad-emstal.de\/?p=550\">&darr; Read the rest of this entry&#8230;<\/a><\/p>\n","protected":false},"author":4,"featured_media":0,"comment_status":"open","ping_status":"open","sticky":false,"template":"","format":"standard","meta":[],"categories":[1],"tags":[],"_links":{"self":[{"href":"http:\/\/www.gruene-bad-emstal.de\/index.php?rest_route=\/wp\/v2\/posts\/550"}],"collection":[{"href":"http:\/\/www.gruene-bad-emstal.de\/index.php?rest_route=\/wp\/v2\/posts"}],"about":[{"href":"http:\/\/www.gruene-bad-emstal.de\/index.php?rest_route=\/wp\/v2\/types\/post"}],"author":[{"embeddable":true,"href":"http:\/\/www.gruene-bad-emstal.de\/index.php?rest_route=\/wp\/v2\/users\/4"}],"replies":[{"embeddable":true,"href":"http:\/\/www.gruene-bad-emstal.de\/index.php?rest_route=%2Fwp%2Fv2%2Fcomments&post=550"}],"version-history":[{"count":2,"href":"http:\/\/www.gruene-bad-emstal.de\/index.php?rest_route=\/wp\/v2\/posts\/550\/revisions"}],"predecessor-version":[{"id":552,"href":"http:\/\/www.gruene-bad-emstal.de\/index.php?rest_route=\/wp\/v2\/posts\/550\/revisions\/552"}],"wp:attachment":[{"href":"http:\/\/www.gruene-bad-emstal.de\/index.php?rest_route=%2Fwp%2Fv2%2Fmedia&parent=550"}],"wp:term":[{"taxonomy":"category","embeddable":true,"href":"http:\/\/www.gruene-bad-emstal.de\/index.php?rest_route=%2Fwp%2Fv2%2Fcategories&post=550"},{"taxonomy":"post_tag","embeddable":true,"href":"http:\/\/www.gruene-bad-emstal.de\/index.php?rest_route=%2Fwp%2Fv2%2Ftags&post=550"}],"curies":[{"name":"wp","href":"https:\/\/api.w.org\/{rel}","templated":true}]}}